{"id":7326,"date":"2025-03-19T14:43:34","date_gmt":"2025-03-19T13:43:34","guid":{"rendered":"https:\/\/fimif.edu.al\/?p=7326"},"modified":"2025-05-29T13:33:19","modified_gmt":"2025-05-29T11:33:19","slug":"njoftim-hapet-thirrja-per-mobilitete-studentesh-te-upt-se-ne-kuader-te-marreveshjes-ka1-te-programit-erasmus-ne-politecnico-di-torino-polito-itali","status":"publish","type":"post","link":"https:\/\/fimif.edu.al\/en\/njoftim-hapet-thirrja-per-mobilitete-studentesh-te-upt-se-ne-kuader-te-marreveshjes-ka1-te-programit-erasmus-ne-politecnico-di-torino-polito-itali\/","title":{"rendered":"Njoftim: Hapet thirrja p\u00ebr mobilitete student\u00ebsh t\u00eb UPT-s\u00eb, n\u00eb kuad\u00ebr t\u00eb Marr\u00ebveshjes KA1, t\u00eb Programit Erasmus + n\u00eb Politecnico di Torino (POLITO), Itali."},"content":{"rendered":"<figure class=\"wp-block-image size-full is-resized\"><img fetchpriority=\"high\" decoding=\"async\" width=\"669\" height=\"446\" src=\"https:\/\/fimif.edu.al\/wp-content\/uploads\/2025\/03\/image-1.png\" alt=\"\" class=\"wp-image-7327\" style=\"width:819px;height:auto\" srcset=\"https:\/\/fimif.edu.al\/wp-content\/uploads\/2025\/03\/image-1.png 669w, https:\/\/fimif.edu.al\/wp-content\/uploads\/2025\/03\/image-1-300x200.png 300w, https:\/\/fimif.edu.al\/wp-content\/uploads\/2025\/03\/image-1-18x12.png 18w\" sizes=\"(max-width: 669px) 100vw, 669px\" \/><\/figure>\n\n\n\n<p>N\u00eb kuad\u00ebr bashk\u00ebpunimit midis Universitetit Politeknik t\u00eb Tiran\u00ebs dhe Politecnico di Torino, publikohet thirrja p\u00ebr mobilitete p\u00ebr student\u00eb t\u00eb Universitetit Politeknik t\u00eb Tiran\u00ebs, n\u00eb Politecnico di Torino, p\u00ebr semestrin e par\u00eb t\u00eb vitit akademik 2025 \u2013 2026.<\/p>\n\n\n\n<p>Informacionin n\u00eb lidhje me kriteret p\u00ebr aplikim, m\u00ebnyr\u00ebn e aplikimit, dokumentacionin dhe afatet kohore e gjeni&nbsp;<a href=\"https:\/\/upt.edu.al\/permbajtja\/uploads\/2025\/03\/Hapet-Thirrja-per-Mobilitete-ne-POLITO-4-prill-2025.docx\">k\u00ebtu<\/a>.<\/p>\n\n\n\n<p>Afati i fundit i aplikimit \u00ebsht\u00eb 4 prill 2025, ora 12.00.<\/p>\n\n\n\n<p><a href=\"https:\/\/upt.edu.al\/permbajtja\/uploads\/2025\/03\/Anexa_V_HE_Learning-agreement_studies_form_2021-1-1.docx\">Anexa_V_HE_Learning-agreement_studies_form<\/a><\/p>","protected":false},"excerpt":{"rendered":"<p>N\u00eb kuad\u00ebr bashk\u00ebpunimit midis Universitetit Politeknik t\u00eb Tiran\u00ebs dhe Politecnico di Torino, publikohet thirrja p\u00ebr mobilitete p\u00ebr student\u00eb t\u00eb Universitetit Politeknik t\u00eb Tiran\u00ebs, n\u00eb Politecnico di Torino, p\u00ebr semestrin e par\u00eb t\u00eb vitit akademik 2025 \u2013 2026. Informacionin n\u00eb lidhje me kriteret p\u00ebr aplikim, m\u00ebnyr\u00ebn e aplikimit, dokumentacionin dhe afatet kohore e gjeni&nbsp;k\u00ebtu. Afati i [&hellip;]<\/p>\n","protected":false},"author":4,"featured_media":0,"comment_status":"closed","ping_status":"open","sticky":false,"template":"","format":"standard","meta":{"footnotes":""},"categories":[1],"tags":[],"class_list":["post-7326","post","type-post","status-publish","format-standard","hentry","category-uncategorized"],"yoast_head":"<!-- This site is optimized with the Yoast SEO plugin v27.4 - https:\/\/yoast.com\/product\/yoast-seo-wordpress\/ -->\n<title>Njoftim: Hapet thirrja p\u00ebr mobilitete student\u00ebsh t\u00eb UPT-s\u00eb, n\u00eb kuad\u00ebr t\u00eb Marr\u00ebveshjes KA1, t\u00eb Programit Erasmus + n\u00eb Politecnico di Torino (POLITO), Itali. - Fakulteti i Inxhinieris\u00eb Matematike dhe Inxhinieris\u00eb Fizike<\/title>\n<meta name=\"robots\" content=\"index, follow, max-snippet:-1, max-image-preview:large, max-video-preview:-1\" \/>\n<link rel=\"canonical\" href=\"https:\/\/fimif.edu.al\/en\/njoftim-hapet-thirrja-per-mobilitete-studentesh-te-upt-se-ne-kuader-te-marreveshjes-ka1-te-programit-erasmus-ne-politecnico-di-torino-polito-itali\/\" \/>\n<meta property=\"og:locale\" content=\"en_GB\" \/>\n<meta property=\"og:type\" content=\"article\" \/>\n<meta property=\"og:title\" content=\"Njoftim: Hapet thirrja p\u00ebr mobilitete student\u00ebsh t\u00eb UPT-s\u00eb, n\u00eb kuad\u00ebr t\u00eb Marr\u00ebveshjes KA1, t\u00eb Programit Erasmus + n\u00eb Politecnico di Torino (POLITO), Itali. - Fakulteti i Inxhinieris\u00eb Matematike dhe Inxhinieris\u00eb Fizike\" \/>\n<meta property=\"og:description\" content=\"N\u00eb kuad\u00ebr bashk\u00ebpunimit midis Universitetit Politeknik t\u00eb Tiran\u00ebs dhe Politecnico di Torino, publikohet thirrja p\u00ebr mobilitete p\u00ebr student\u00eb t\u00eb Universitetit Politeknik t\u00eb Tiran\u00ebs, n\u00eb Politecnico di Torino, p\u00ebr semestrin e par\u00eb t\u00eb vitit akademik 2025 \u2013 2026. Informacionin n\u00eb lidhje me kriteret p\u00ebr aplikim, m\u00ebnyr\u00ebn e aplikimit, dokumentacionin dhe afatet kohore e gjeni&nbsp;k\u00ebtu. Afati i [&hellip;]\" \/>\n<meta property=\"og:url\" content=\"https:\/\/fimif.edu.al\/en\/njoftim-hapet-thirrja-per-mobilitete-studentesh-te-upt-se-ne-kuader-te-marreveshjes-ka1-te-programit-erasmus-ne-politecnico-di-torino-polito-itali\/\" \/>\n<meta property=\"og:site_name\" content=\"Fakulteti i Inxhinieris\u00eb Matematike dhe Inxhinieris\u00eb Fizike\" \/>\n<meta property=\"article:publisher\" content=\"https:\/\/www.facebook.com\/p\/Departamenti-i-Inxhinierise-Matematike-FIMIF-UPT-100077435994252\/\" \/>\n<meta property=\"article:published_time\" content=\"2025-03-19T13:43:34+00:00\" \/>\n<meta property=\"article:modified_time\" content=\"2025-05-29T11:33:19+00:00\" \/>\n<meta property=\"og:image\" content=\"https:\/\/fimif.edu.al\/wp-content\/uploads\/2025\/03\/image-1.png\" \/>\n\t<meta property=\"og:image:width\" content=\"669\" \/>\n\t<meta property=\"og:image:height\" content=\"446\" \/>\n\t<meta property=\"og:image:type\" content=\"image\/png\" \/>\n<meta name=\"author\" content=\"Gerta Lame\" \/>\n<meta name=\"twitter:card\" content=\"summary_large_image\" \/>\n<meta name=\"twitter:label1\" content=\"Written by\" \/>\n\t<meta name=\"twitter:data1\" content=\"Gerta Lame\" \/>\n\t<meta name=\"twitter:label2\" content=\"Estimated reading time\" \/>\n\t<meta name=\"twitter:data2\" content=\"1 minute\" \/>\n<script type=\"application\/ld+json\" class=\"yoast-schema-graph\">{\"@context\":\"https:\\\/\\\/schema.org\",\"@graph\":[{\"@type\":\"Article\",\"@id\":\"https:\\\/\\\/fimif.edu.al\\\/njoftim-hapet-thirrja-per-mobilitete-studentesh-te-upt-se-ne-kuader-te-marreveshjes-ka1-te-programit-erasmus-ne-politecnico-di-torino-polito-itali\\\/#article\",\"isPartOf\":{\"@id\":\"https:\\\/\\\/fimif.edu.al\\\/njoftim-hapet-thirrja-per-mobilitete-studentesh-te-upt-se-ne-kuader-te-marreveshjes-ka1-te-programit-erasmus-ne-politecnico-di-torino-polito-itali\\\/\"},\"author\":{\"name\":\"Gerta Lame\",\"@id\":\"https:\\\/\\\/fimif.edu.al\\\/#\\\/schema\\\/person\\\/771075414e038199af3802af30f13da3\"},\"headline\":\"Njoftim: Hapet thirrja p\u00ebr mobilitete student\u00ebsh t\u00eb UPT-s\u00eb, n\u00eb kuad\u00ebr t\u00eb Marr\u00ebveshjes KA1, t\u00eb Programit Erasmus + n\u00eb Politecnico di Torino (POLITO), Itali.\",\"datePublished\":\"2025-03-19T13:43:34+00:00\",\"dateModified\":\"2025-05-29T11:33:19+00:00\",\"mainEntityOfPage\":{\"@id\":\"https:\\\/\\\/fimif.edu.al\\\/njoftim-hapet-thirrja-per-mobilitete-studentesh-te-upt-se-ne-kuader-te-marreveshjes-ka1-te-programit-erasmus-ne-politecnico-di-torino-polito-itali\\\/\"},\"wordCount\":103,\"publisher\":{\"@id\":\"https:\\\/\\\/fimif.edu.al\\\/#organization\"},\"image\":{\"@id\":\"https:\\\/\\\/fimif.edu.al\\\/njoftim-hapet-thirrja-per-mobilitete-studentesh-te-upt-se-ne-kuader-te-marreveshjes-ka1-te-programit-erasmus-ne-politecnico-di-torino-polito-itali\\\/#primaryimage\"},\"thumbnailUrl\":\"https:\\\/\\\/fimif.edu.al\\\/wp-content\\\/uploads\\\/2025\\\/03\\\/image-1.png\",\"articleSection\":[\"Uncategorized\"],\"inLanguage\":\"en-GB\"},{\"@type\":\"WebPage\",\"@id\":\"https:\\\/\\\/fimif.edu.al\\\/njoftim-hapet-thirrja-per-mobilitete-studentesh-te-upt-se-ne-kuader-te-marreveshjes-ka1-te-programit-erasmus-ne-politecnico-di-torino-polito-itali\\\/\",\"url\":\"https:\\\/\\\/fimif.edu.al\\\/njoftim-hapet-thirrja-per-mobilitete-studentesh-te-upt-se-ne-kuader-te-marreveshjes-ka1-te-programit-erasmus-ne-politecnico-di-torino-polito-itali\\\/\",\"name\":\"Njoftim: Hapet thirrja p\u00ebr mobilitete student\u00ebsh t\u00eb UPT-s\u00eb, n\u00eb kuad\u00ebr t\u00eb Marr\u00ebveshjes KA1, t\u00eb Programit Erasmus + n\u00eb Politecnico di Torino (POLITO), Itali. - Fakulteti i Inxhinieris\u00eb Matematike dhe Inxhinieris\u00eb Fizike\",\"isPartOf\":{\"@id\":\"https:\\\/\\\/fimif.edu.al\\\/#website\"},\"primaryImageOfPage\":{\"@id\":\"https:\\\/\\\/fimif.edu.al\\\/njoftim-hapet-thirrja-per-mobilitete-studentesh-te-upt-se-ne-kuader-te-marreveshjes-ka1-te-programit-erasmus-ne-politecnico-di-torino-polito-itali\\\/#primaryimage\"},\"image\":{\"@id\":\"https:\\\/\\\/fimif.edu.al\\\/njoftim-hapet-thirrja-per-mobilitete-studentesh-te-upt-se-ne-kuader-te-marreveshjes-ka1-te-programit-erasmus-ne-politecnico-di-torino-polito-itali\\\/#primaryimage\"},\"thumbnailUrl\":\"https:\\\/\\\/fimif.edu.al\\\/wp-content\\\/uploads\\\/2025\\\/03\\\/image-1.png\",\"datePublished\":\"2025-03-19T13:43:34+00:00\",\"dateModified\":\"2025-05-29T11:33:19+00:00\",\"breadcrumb\":{\"@id\":\"https:\\\/\\\/fimif.edu.al\\\/njoftim-hapet-thirrja-per-mobilitete-studentesh-te-upt-se-ne-kuader-te-marreveshjes-ka1-te-programit-erasmus-ne-politecnico-di-torino-polito-itali\\\/#breadcrumb\"},\"inLanguage\":\"en-GB\",\"potentialAction\":[{\"@type\":\"ReadAction\",\"target\":[\"https:\\\/\\\/fimif.edu.al\\\/njoftim-hapet-thirrja-per-mobilitete-studentesh-te-upt-se-ne-kuader-te-marreveshjes-ka1-te-programit-erasmus-ne-politecnico-di-torino-polito-itali\\\/\"]}]},{\"@type\":\"ImageObject\",\"inLanguage\":\"en-GB\",\"@id\":\"https:\\\/\\\/fimif.edu.al\\\/njoftim-hapet-thirrja-per-mobilitete-studentesh-te-upt-se-ne-kuader-te-marreveshjes-ka1-te-programit-erasmus-ne-politecnico-di-torino-polito-itali\\\/#primaryimage\",\"url\":\"https:\\\/\\\/fimif.edu.al\\\/wp-content\\\/uploads\\\/2025\\\/03\\\/image-1.png\",\"contentUrl\":\"https:\\\/\\\/fimif.edu.al\\\/wp-content\\\/uploads\\\/2025\\\/03\\\/image-1.png\"},{\"@type\":\"BreadcrumbList\",\"@id\":\"https:\\\/\\\/fimif.edu.al\\\/njoftim-hapet-thirrja-per-mobilitete-studentesh-te-upt-se-ne-kuader-te-marreveshjes-ka1-te-programit-erasmus-ne-politecnico-di-torino-polito-itali\\\/#breadcrumb\",\"itemListElement\":[{\"@type\":\"ListItem\",\"position\":1,\"name\":\"Home\",\"item\":\"https:\\\/\\\/fimif.edu.al\\\/\"},{\"@type\":\"ListItem\",\"position\":2,\"name\":\"Njoftim: Hapet thirrja p\u00ebr mobilitete student\u00ebsh t\u00eb UPT-s\u00eb, n\u00eb kuad\u00ebr t\u00eb Marr\u00ebveshjes KA1, t\u00eb Programit Erasmus + n\u00eb Politecnico di Torino (POLITO), Itali.\"}]},{\"@type\":\"WebSite\",\"@id\":\"https:\\\/\\\/fimif.edu.al\\\/#website\",\"url\":\"https:\\\/\\\/fimif.edu.al\\\/\",\"name\":\"Fakulteti i Inxhinieris\u00eb Matematike dhe Inxhinieris\u00eb Fizike\",\"description\":\"FIMIF, UPT Tirane\",\"publisher\":{\"@id\":\"https:\\\/\\\/fimif.edu.al\\\/#organization\"},\"potentialAction\":[{\"@type\":\"SearchAction\",\"target\":{\"@type\":\"EntryPoint\",\"urlTemplate\":\"https:\\\/\\\/fimif.edu.al\\\/?s={search_term_string}\"},\"query-input\":{\"@type\":\"PropertyValueSpecification\",\"valueRequired\":true,\"valueName\":\"search_term_string\"}}],\"inLanguage\":\"en-GB\"},{\"@type\":\"Organization\",\"@id\":\"https:\\\/\\\/fimif.edu.al\\\/#organization\",\"name\":\"Fakulteti i Inxhinieris\u00eb Matematike dhe Inxhinieris\u00eb Fizike\",\"url\":\"https:\\\/\\\/fimif.edu.al\\\/\",\"logo\":{\"@type\":\"ImageObject\",\"inLanguage\":\"en-GB\",\"@id\":\"https:\\\/\\\/fimif.edu.al\\\/#\\\/schema\\\/logo\\\/image\\\/\",\"url\":\"https:\\\/\\\/fimif.edu.al\\\/wp-content\\\/uploads\\\/2024\\\/10\\\/Fimif-Logo.svg\",\"contentUrl\":\"https:\\\/\\\/fimif.edu.al\\\/wp-content\\\/uploads\\\/2024\\\/10\\\/Fimif-Logo.svg\",\"width\":653,\"height\":219,\"caption\":\"Fakulteti i Inxhinieris\u00eb Matematike dhe Inxhinieris\u00eb Fizike\"},\"image\":{\"@id\":\"https:\\\/\\\/fimif.edu.al\\\/#\\\/schema\\\/logo\\\/image\\\/\"},\"sameAs\":[\"https:\\\/\\\/www.facebook.com\\\/p\\\/Departamenti-i-Inxhinierise-Matematike-FIMIF-UPT-100077435994252\\\/\"]},{\"@type\":\"Person\",\"@id\":\"https:\\\/\\\/fimif.edu.al\\\/#\\\/schema\\\/person\\\/771075414e038199af3802af30f13da3\",\"name\":\"Gerta Lame\"}]}<\/script>\n<!-- \/ Yoast SEO plugin. -->","yoast_head_json":{"title":"Njoftim: Hapet thirrja p\u00ebr mobilitete student\u00ebsh t\u00eb UPT-s\u00eb, n\u00eb kuad\u00ebr t\u00eb Marr\u00ebveshjes KA1, t\u00eb Programit Erasmus + n\u00eb Politecnico di Torino (POLITO), Itali. - Fakulteti i Inxhinieris\u00eb Matematike dhe Inxhinieris\u00eb Fizike","robots":{"index":"index","follow":"follow","max-snippet":"max-snippet:-1","max-image-preview":"max-image-preview:large","max-video-preview":"max-video-preview:-1"},"canonical":"https:\/\/fimif.edu.al\/en\/njoftim-hapet-thirrja-per-mobilitete-studentesh-te-upt-se-ne-kuader-te-marreveshjes-ka1-te-programit-erasmus-ne-politecnico-di-torino-polito-itali\/","og_locale":"en_GB","og_type":"article","og_title":"Njoftim: Hapet thirrja p\u00ebr mobilitete student\u00ebsh t\u00eb UPT-s\u00eb, n\u00eb kuad\u00ebr t\u00eb Marr\u00ebveshjes KA1, t\u00eb Programit Erasmus + n\u00eb Politecnico di Torino (POLITO), Itali. - Fakulteti i Inxhinieris\u00eb Matematike dhe Inxhinieris\u00eb Fizike","og_description":"N\u00eb kuad\u00ebr bashk\u00ebpunimit midis Universitetit Politeknik t\u00eb Tiran\u00ebs dhe Politecnico di Torino, publikohet thirrja p\u00ebr mobilitete p\u00ebr student\u00eb t\u00eb Universitetit Politeknik t\u00eb Tiran\u00ebs, n\u00eb Politecnico di Torino, p\u00ebr semestrin e par\u00eb t\u00eb vitit akademik 2025 \u2013 2026. Informacionin n\u00eb lidhje me kriteret p\u00ebr aplikim, m\u00ebnyr\u00ebn e aplikimit, dokumentacionin dhe afatet kohore e gjeni&nbsp;k\u00ebtu. Afati i [&hellip;]","og_url":"https:\/\/fimif.edu.al\/en\/njoftim-hapet-thirrja-per-mobilitete-studentesh-te-upt-se-ne-kuader-te-marreveshjes-ka1-te-programit-erasmus-ne-politecnico-di-torino-polito-itali\/","og_site_name":"Fakulteti i Inxhinieris\u00eb Matematike dhe Inxhinieris\u00eb Fizike","article_publisher":"https:\/\/www.facebook.com\/p\/Departamenti-i-Inxhinierise-Matematike-FIMIF-UPT-100077435994252\/","article_published_time":"2025-03-19T13:43:34+00:00","article_modified_time":"2025-05-29T11:33:19+00:00","og_image":[{"width":669,"height":446,"url":"https:\/\/fimif.edu.al\/wp-content\/uploads\/2025\/03\/image-1.png","type":"image\/png"}],"author":"Gerta Lame","twitter_card":"summary_large_image","twitter_misc":{"Written by":"Gerta Lame","Estimated reading time":"1 minute"},"schema":{"@context":"https:\/\/schema.org","@graph":[{"@type":"Article","@id":"https:\/\/fimif.edu.al\/njoftim-hapet-thirrja-per-mobilitete-studentesh-te-upt-se-ne-kuader-te-marreveshjes-ka1-te-programit-erasmus-ne-politecnico-di-torino-polito-itali\/#article","isPartOf":{"@id":"https:\/\/fimif.edu.al\/njoftim-hapet-thirrja-per-mobilitete-studentesh-te-upt-se-ne-kuader-te-marreveshjes-ka1-te-programit-erasmus-ne-politecnico-di-torino-polito-itali\/"},"author":{"name":"Gerta Lame","@id":"https:\/\/fimif.edu.al\/#\/schema\/person\/771075414e038199af3802af30f13da3"},"headline":"Njoftim: Hapet thirrja p\u00ebr mobilitete student\u00ebsh t\u00eb UPT-s\u00eb, n\u00eb kuad\u00ebr t\u00eb Marr\u00ebveshjes KA1, t\u00eb Programit Erasmus + n\u00eb Politecnico di Torino (POLITO), Itali.","datePublished":"2025-03-19T13:43:34+00:00","dateModified":"2025-05-29T11:33:19+00:00","mainEntityOfPage":{"@id":"https:\/\/fimif.edu.al\/njoftim-hapet-thirrja-per-mobilitete-studentesh-te-upt-se-ne-kuader-te-marreveshjes-ka1-te-programit-erasmus-ne-politecnico-di-torino-polito-itali\/"},"wordCount":103,"publisher":{"@id":"https:\/\/fimif.edu.al\/#organization"},"image":{"@id":"https:\/\/fimif.edu.al\/njoftim-hapet-thirrja-per-mobilitete-studentesh-te-upt-se-ne-kuader-te-marreveshjes-ka1-te-programit-erasmus-ne-politecnico-di-torino-polito-itali\/#primaryimage"},"thumbnailUrl":"https:\/\/fimif.edu.al\/wp-content\/uploads\/2025\/03\/image-1.png","articleSection":["Uncategorized"],"inLanguage":"en-GB"},{"@type":"WebPage","@id":"https:\/\/fimif.edu.al\/njoftim-hapet-thirrja-per-mobilitete-studentesh-te-upt-se-ne-kuader-te-marreveshjes-ka1-te-programit-erasmus-ne-politecnico-di-torino-polito-itali\/","url":"https:\/\/fimif.edu.al\/njoftim-hapet-thirrja-per-mobilitete-studentesh-te-upt-se-ne-kuader-te-marreveshjes-ka1-te-programit-erasmus-ne-politecnico-di-torino-polito-itali\/","name":"Njoftim: Hapet thirrja p\u00ebr mobilitete student\u00ebsh t\u00eb UPT-s\u00eb, n\u00eb kuad\u00ebr t\u00eb Marr\u00ebveshjes KA1, t\u00eb Programit Erasmus + n\u00eb Politecnico di Torino (POLITO), Itali. - Fakulteti i Inxhinieris\u00eb Matematike dhe Inxhinieris\u00eb Fizike","isPartOf":{"@id":"https:\/\/fimif.edu.al\/#website"},"primaryImageOfPage":{"@id":"https:\/\/fimif.edu.al\/njoftim-hapet-thirrja-per-mobilitete-studentesh-te-upt-se-ne-kuader-te-marreveshjes-ka1-te-programit-erasmus-ne-politecnico-di-torino-polito-itali\/#primaryimage"},"image":{"@id":"https:\/\/fimif.edu.al\/njoftim-hapet-thirrja-per-mobilitete-studentesh-te-upt-se-ne-kuader-te-marreveshjes-ka1-te-programit-erasmus-ne-politecnico-di-torino-polito-itali\/#primaryimage"},"thumbnailUrl":"https:\/\/fimif.edu.al\/wp-content\/uploads\/2025\/03\/image-1.png","datePublished":"2025-03-19T13:43:34+00:00","dateModified":"2025-05-29T11:33:19+00:00","breadcrumb":{"@id":"https:\/\/fimif.edu.al\/njoftim-hapet-thirrja-per-mobilitete-studentesh-te-upt-se-ne-kuader-te-marreveshjes-ka1-te-programit-erasmus-ne-politecnico-di-torino-polito-itali\/#breadcrumb"},"inLanguage":"en-GB","potentialAction":[{"@type":"ReadAction","target":["https:\/\/fimif.edu.al\/njoftim-hapet-thirrja-per-mobilitete-studentesh-te-upt-se-ne-kuader-te-marreveshjes-ka1-te-programit-erasmus-ne-politecnico-di-torino-polito-itali\/"]}]},{"@type":"ImageObject","inLanguage":"en-GB","@id":"https:\/\/fimif.edu.al\/njoftim-hapet-thirrja-per-mobilitete-studentesh-te-upt-se-ne-kuader-te-marreveshjes-ka1-te-programit-erasmus-ne-politecnico-di-torino-polito-itali\/#primaryimage","url":"https:\/\/fimif.edu.al\/wp-content\/uploads\/2025\/03\/image-1.png","contentUrl":"https:\/\/fimif.edu.al\/wp-content\/uploads\/2025\/03\/image-1.png"},{"@type":"BreadcrumbList","@id":"https:\/\/fimif.edu.al\/njoftim-hapet-thirrja-per-mobilitete-studentesh-te-upt-se-ne-kuader-te-marreveshjes-ka1-te-programit-erasmus-ne-politecnico-di-torino-polito-itali\/#breadcrumb","itemListElement":[{"@type":"ListItem","position":1,"name":"Home","item":"https:\/\/fimif.edu.al\/"},{"@type":"ListItem","position":2,"name":"Njoftim: Hapet thirrja p\u00ebr mobilitete student\u00ebsh t\u00eb UPT-s\u00eb, n\u00eb kuad\u00ebr t\u00eb Marr\u00ebveshjes KA1, t\u00eb Programit Erasmus + n\u00eb Politecnico di Torino (POLITO), Itali."}]},{"@type":"WebSite","@id":"https:\/\/fimif.edu.al\/#website","url":"https:\/\/fimif.edu.al\/","name":"Fakulteti i Inxhinieris\u00eb Matematike dhe Inxhinieris\u00eb Fizike","description":"FIMIF, UPT Tirane","publisher":{"@id":"https:\/\/fimif.edu.al\/#organization"},"potentialAction":[{"@type":"SearchAction","target":{"@type":"EntryPoint","urlTemplate":"https:\/\/fimif.edu.al\/?s={search_term_string}"},"query-input":{"@type":"PropertyValueSpecification","valueRequired":true,"valueName":"search_term_string"}}],"inLanguage":"en-GB"},{"@type":"Organization","@id":"https:\/\/fimif.edu.al\/#organization","name":"Fakulteti i Inxhinieris\u00eb Matematike dhe Inxhinieris\u00eb Fizike","url":"https:\/\/fimif.edu.al\/","logo":{"@type":"ImageObject","inLanguage":"en-GB","@id":"https:\/\/fimif.edu.al\/#\/schema\/logo\/image\/","url":"https:\/\/fimif.edu.al\/wp-content\/uploads\/2024\/10\/Fimif-Logo.svg","contentUrl":"https:\/\/fimif.edu.al\/wp-content\/uploads\/2024\/10\/Fimif-Logo.svg","width":653,"height":219,"caption":"Fakulteti i Inxhinieris\u00eb Matematike dhe Inxhinieris\u00eb Fizike"},"image":{"@id":"https:\/\/fimif.edu.al\/#\/schema\/logo\/image\/"},"sameAs":["https:\/\/www.facebook.com\/p\/Departamenti-i-Inxhinierise-Matematike-FIMIF-UPT-100077435994252\/"]},{"@type":"Person","@id":"https:\/\/fimif.edu.al\/#\/schema\/person\/771075414e038199af3802af30f13da3","name":"Gerta Lame"}]}},"_links":{"self":[{"href":"https:\/\/fimif.edu.al\/en\/wp-json\/wp\/v2\/posts\/7326","targetHints":{"allow":["GET"]}}],"collection":[{"href":"https:\/\/fimif.edu.al\/en\/wp-json\/wp\/v2\/posts"}],"about":[{"href":"https:\/\/fimif.edu.al\/en\/wp-json\/wp\/v2\/types\/post"}],"author":[{"embeddable":true,"href":"https:\/\/fimif.edu.al\/en\/wp-json\/wp\/v2\/users\/4"}],"replies":[{"embeddable":true,"href":"https:\/\/fimif.edu.al\/en\/wp-json\/wp\/v2\/comments?post=7326"}],"version-history":[{"count":2,"href":"https:\/\/fimif.edu.al\/en\/wp-json\/wp\/v2\/posts\/7326\/revisions"}],"predecessor-version":[{"id":7329,"href":"https:\/\/fimif.edu.al\/en\/wp-json\/wp\/v2\/posts\/7326\/revisions\/7329"}],"wp:attachment":[{"href":"https:\/\/fimif.edu.al\/en\/wp-json\/wp\/v2\/media?parent=7326"}],"wp:term":[{"taxonomy":"category","embeddable":true,"href":"https:\/\/fimif.edu.al\/en\/wp-json\/wp\/v2\/categories?post=7326"},{"taxonomy":"post_tag","embeddable":true,"href":"https:\/\/fimif.edu.al\/en\/wp-json\/wp\/v2\/tags?post=7326"}],"curies":[{"name":"wp","href":"https:\/\/api.w.org\/{rel}","templated":true}]}}