{"id":8501,"date":"2026-03-07T14:31:13","date_gmt":"2026-03-07T13:31:13","guid":{"rendered":"https:\/\/fimif.edu.al\/?p=8501"},"modified":"2026-03-07T14:31:14","modified_gmt":"2026-03-07T13:31:14","slug":"njoftim-mbi-referimin-akademik-te-kryer-per-promovimin-e-titullit-akademik-profesor-i-asociuar-14","status":"publish","type":"post","link":"https:\/\/fimif.edu.al\/en\/njoftim-mbi-referimin-akademik-te-kryer-per-promovimin-e-titullit-akademik-profesor-i-asociuar-14\/","title":{"rendered":"Njoftim mbi Referimin Akademik t\u00eb Kryer p\u00ebr Promovimin e Titullit Akademik Profesor i Asociuar."},"content":{"rendered":"<p>Fakulteti i Inxhinieris\u00eb Matematike dhe Inxhinieris\u00eb Fizike (FIMIF) njofton se m\u00eb dat\u00ebn 06 Mars 2026, u zhvillua me sukses referimi akademik n\u00eb kuad\u00ebr t\u00eb promovimit t\u00eb titullit akademik Profesor i Asociuar t\u00eb Dr. Vanina Kanini.<\/p>\n\n\n\n<p>Gjat\u00eb k\u00ebtij referimi, Dr. Vanina Kanini paraqiti kontributin e saj n\u00eb fush\u00ebn akademike dhe shkencore p\u00ebrkat\u00ebse. Aktiviteti u ndoq nga Juria e Vler\u00ebsimit, an\u00ebtar\u00eb t\u00eb personelit akademik, dhe u karakterizua nga nj\u00eb diskutim konstruktiv dhe i frytsh\u00ebm i tyre mbi prezantimin.<\/p>\n\n\n\n<p>Fakulteti i Inxhinieris\u00eb Matematike dhe Inxhinieris\u00eb Fizike uron dhe p\u00ebrg\u00ebzon Dr. Vanina Kanini p\u00ebr k\u00ebt\u00eb arritje dhe i uron suksese t\u00eb m\u00ebtejshme n\u00eb karrier\u00ebn akademike dhe k\u00ebrkimore, q\u00eb nj\u00ebkoh\u00ebsisht p\u00ebrb\u00ebn dhe arritje p\u00ebr FIMIF.<\/p>\n\n\n\n<figure class=\"wp-block-gallery has-nested-images columns-default is-cropped wp-block-gallery-1 is-layout-flex wp-block-gallery-is-layout-flex\">\n<figure class=\"wp-block-image size-large\"><img fetchpriority=\"high\" decoding=\"async\" width=\"1024\" height=\"576\" data-id=\"8504\" src=\"https:\/\/fimif.edu.al\/wp-content\/uploads\/2026\/03\/PHOTO-2026-03-06-10-32-38-1024x576.jpg\" alt=\"\" class=\"wp-image-8504\" srcset=\"https:\/\/fimif.edu.al\/wp-content\/uploads\/2026\/03\/PHOTO-2026-03-06-10-32-38-1024x576.jpg 1024w, https:\/\/fimif.edu.al\/wp-content\/uploads\/2026\/03\/PHOTO-2026-03-06-10-32-38-300x169.jpg 300w, https:\/\/fimif.edu.al\/wp-content\/uploads\/2026\/03\/PHOTO-2026-03-06-10-32-38-768x432.jpg 768w, https:\/\/fimif.edu.al\/wp-content\/uploads\/2026\/03\/PHOTO-2026-03-06-10-32-38-1536x864.jpg 1536w, https:\/\/fimif.edu.al\/wp-content\/uploads\/2026\/03\/PHOTO-2026-03-06-10-32-38-2048x1152.jpg 2048w, https:\/\/fimif.edu.al\/wp-content\/uploads\/2026\/03\/PHOTO-2026-03-06-10-32-38-18x10.jpg 18w\" sizes=\"(max-width: 1024px) 100vw, 1024px\" \/><\/figure>\n\n\n\n<figure class=\"wp-block-image size-large\"><img decoding=\"async\" width=\"1024\" height=\"760\" data-id=\"8502\" src=\"https:\/\/fimif.edu.al\/wp-content\/uploads\/2026\/03\/PHOTO-2026-03-06-10-32-21-1024x760.jpg\" alt=\"\" class=\"wp-image-8502\" srcset=\"https:\/\/fimif.edu.al\/wp-content\/uploads\/2026\/03\/PHOTO-2026-03-06-10-32-21-1024x760.jpg 1024w, https:\/\/fimif.edu.al\/wp-content\/uploads\/2026\/03\/PHOTO-2026-03-06-10-32-21-300x223.jpg 300w, https:\/\/fimif.edu.al\/wp-content\/uploads\/2026\/03\/PHOTO-2026-03-06-10-32-21-768x570.jpg 768w, https:\/\/fimif.edu.al\/wp-content\/uploads\/2026\/03\/PHOTO-2026-03-06-10-32-21-16x12.jpg 16w, https:\/\/fimif.edu.al\/wp-content\/uploads\/2026\/03\/PHOTO-2026-03-06-10-32-21.jpg 1339w\" sizes=\"(max-width: 1024px) 100vw, 1024px\" \/><\/figure>\n\n\n\n<figure class=\"wp-block-image size-large\"><img decoding=\"async\" width=\"1024\" height=\"576\" data-id=\"8503\" src=\"https:\/\/fimif.edu.al\/wp-content\/uploads\/2026\/03\/PHOTO-2026-03-06-10-32-06-1024x576.jpg\" alt=\"\" class=\"wp-image-8503\" srcset=\"https:\/\/fimif.edu.al\/wp-content\/uploads\/2026\/03\/PHOTO-2026-03-06-10-32-06-1024x576.jpg 1024w, https:\/\/fimif.edu.al\/wp-content\/uploads\/2026\/03\/PHOTO-2026-03-06-10-32-06-300x169.jpg 300w, https:\/\/fimif.edu.al\/wp-content\/uploads\/2026\/03\/PHOTO-2026-03-06-10-32-06-768x432.jpg 768w, https:\/\/fimif.edu.al\/wp-content\/uploads\/2026\/03\/PHOTO-2026-03-06-10-32-06-1536x864.jpg 1536w, https:\/\/fimif.edu.al\/wp-content\/uploads\/2026\/03\/PHOTO-2026-03-06-10-32-06-18x10.jpg 18w, https:\/\/fimif.edu.al\/wp-content\/uploads\/2026\/03\/PHOTO-2026-03-06-10-32-06.jpg 1600w\" sizes=\"(max-width: 1024px) 100vw, 1024px\" \/><\/figure>\n<\/figure>","protected":false},"excerpt":{"rendered":"<p>Fakulteti i Inxhinieris\u00eb Matematike dhe Inxhinieris\u00eb Fizike (FIMIF) njofton se m\u00eb dat\u00ebn 06 Mars 2026, u zhvillua me sukses referimi akademik n\u00eb kuad\u00ebr t\u00eb promovimit t\u00eb titullit akademik Profesor i Asociuar t\u00eb Dr. Vanina Kanini. Gjat\u00eb k\u00ebtij referimi, Dr. Vanina Kanini paraqiti kontributin e saj n\u00eb fush\u00ebn akademike dhe shkencore p\u00ebrkat\u00ebse. Aktiviteti u ndoq nga [&hellip;]<\/p>\n","protected":false},"author":4,"featured_media":0,"comment_status":"closed","ping_status":"open","sticky":false,"template":"","format":"standard","meta":{"footnotes":""},"categories":[1],"tags":[],"class_list":["post-8501","post","type-post","status-publish","format-standard","hentry","category-uncategorized"],"yoast_head":"<!-- This site is optimized with the Yoast SEO plugin v27.4 - https:\/\/yoast.com\/product\/yoast-seo-wordpress\/ -->\n<title>Njoftim mbi Referimin Akademik t\u00eb Kryer p\u00ebr Promovimin e Titullit Akademik Profesor i Asociuar. - Fakulteti i Inxhinieris\u00eb Matematike dhe Inxhinieris\u00eb Fizike<\/title>\n<meta name=\"robots\" content=\"index, follow, max-snippet:-1, max-image-preview:large, max-video-preview:-1\" \/>\n<link rel=\"canonical\" href=\"https:\/\/fimif.edu.al\/en\/njoftim-mbi-referimin-akademik-te-kryer-per-promovimin-e-titullit-akademik-profesor-i-asociuar-14\/\" \/>\n<meta property=\"og:locale\" content=\"en_GB\" \/>\n<meta property=\"og:type\" content=\"article\" \/>\n<meta property=\"og:title\" content=\"Njoftim mbi Referimin Akademik t\u00eb Kryer p\u00ebr Promovimin e Titullit Akademik Profesor i Asociuar. - Fakulteti i Inxhinieris\u00eb Matematike dhe Inxhinieris\u00eb Fizike\" \/>\n<meta property=\"og:description\" content=\"Fakulteti i Inxhinieris\u00eb Matematike dhe Inxhinieris\u00eb Fizike (FIMIF) njofton se m\u00eb dat\u00ebn 06 Mars 2026, u zhvillua me sukses referimi akademik n\u00eb kuad\u00ebr t\u00eb promovimit t\u00eb titullit akademik Profesor i Asociuar t\u00eb Dr. Vanina Kanini. Gjat\u00eb k\u00ebtij referimi, Dr. Vanina Kanini paraqiti kontributin e saj n\u00eb fush\u00ebn akademike dhe shkencore p\u00ebrkat\u00ebse. Aktiviteti u ndoq nga [&hellip;]\" \/>\n<meta property=\"og:url\" content=\"https:\/\/fimif.edu.al\/en\/njoftim-mbi-referimin-akademik-te-kryer-per-promovimin-e-titullit-akademik-profesor-i-asociuar-14\/\" \/>\n<meta property=\"og:site_name\" content=\"Fakulteti i Inxhinieris\u00eb Matematike dhe Inxhinieris\u00eb Fizike\" \/>\n<meta property=\"article:publisher\" content=\"https:\/\/www.facebook.com\/p\/Departamenti-i-Inxhinierise-Matematike-FIMIF-UPT-100077435994252\/\" \/>\n<meta property=\"article:published_time\" content=\"2026-03-07T13:31:13+00:00\" \/>\n<meta property=\"article:modified_time\" content=\"2026-03-07T13:31:14+00:00\" \/>\n<meta property=\"og:image\" content=\"https:\/\/fimif.edu.al\/wp-content\/uploads\/2026\/03\/PHOTO-2026-03-06-10-32-38-scaled.jpg\" \/>\n\t<meta property=\"og:image:width\" content=\"2560\" \/>\n\t<meta property=\"og:image:height\" content=\"1440\" \/>\n\t<meta property=\"og:image:type\" content=\"image\/jpeg\" \/>\n<meta name=\"author\" content=\"Gerta Lame\" \/>\n<meta name=\"twitter:card\" content=\"summary_large_image\" \/>\n<meta name=\"twitter:label1\" content=\"Written by\" \/>\n\t<meta name=\"twitter:data1\" content=\"Gerta Lame\" \/>\n\t<meta name=\"twitter:label2\" content=\"Estimated reading time\" \/>\n\t<meta name=\"twitter:data2\" content=\"2 minutes\" \/>\n<script type=\"application\/ld+json\" class=\"yoast-schema-graph\">{\"@context\":\"https:\\\/\\\/schema.org\",\"@graph\":[{\"@type\":\"Article\",\"@id\":\"https:\\\/\\\/fimif.edu.al\\\/njoftim-mbi-referimin-akademik-te-kryer-per-promovimin-e-titullit-akademik-profesor-i-asociuar-14\\\/#article\",\"isPartOf\":{\"@id\":\"https:\\\/\\\/fimif.edu.al\\\/njoftim-mbi-referimin-akademik-te-kryer-per-promovimin-e-titullit-akademik-profesor-i-asociuar-14\\\/\"},\"author\":{\"name\":\"Gerta Lame\",\"@id\":\"https:\\\/\\\/fimif.edu.al\\\/#\\\/schema\\\/person\\\/771075414e038199af3802af30f13da3\"},\"headline\":\"Njoftim mbi Referimin Akademik t\u00eb Kryer p\u00ebr Promovimin e Titullit Akademik Profesor i Asociuar.\",\"datePublished\":\"2026-03-07T13:31:13+00:00\",\"dateModified\":\"2026-03-07T13:31:14+00:00\",\"mainEntityOfPage\":{\"@id\":\"https:\\\/\\\/fimif.edu.al\\\/njoftim-mbi-referimin-akademik-te-kryer-per-promovimin-e-titullit-akademik-profesor-i-asociuar-14\\\/\"},\"wordCount\":144,\"publisher\":{\"@id\":\"https:\\\/\\\/fimif.edu.al\\\/#organization\"},\"image\":{\"@id\":\"https:\\\/\\\/fimif.edu.al\\\/njoftim-mbi-referimin-akademik-te-kryer-per-promovimin-e-titullit-akademik-profesor-i-asociuar-14\\\/#primaryimage\"},\"thumbnailUrl\":\"https:\\\/\\\/fimif.edu.al\\\/wp-content\\\/uploads\\\/2026\\\/03\\\/PHOTO-2026-03-06-10-32-38-1024x576.jpg\",\"articleSection\":[\"Uncategorized\"],\"inLanguage\":\"en-GB\"},{\"@type\":\"WebPage\",\"@id\":\"https:\\\/\\\/fimif.edu.al\\\/njoftim-mbi-referimin-akademik-te-kryer-per-promovimin-e-titullit-akademik-profesor-i-asociuar-14\\\/\",\"url\":\"https:\\\/\\\/fimif.edu.al\\\/njoftim-mbi-referimin-akademik-te-kryer-per-promovimin-e-titullit-akademik-profesor-i-asociuar-14\\\/\",\"name\":\"Njoftim mbi Referimin Akademik t\u00eb Kryer p\u00ebr Promovimin e Titullit Akademik Profesor i Asociuar. - Fakulteti i Inxhinieris\u00eb Matematike dhe Inxhinieris\u00eb Fizike\",\"isPartOf\":{\"@id\":\"https:\\\/\\\/fimif.edu.al\\\/#website\"},\"primaryImageOfPage\":{\"@id\":\"https:\\\/\\\/fimif.edu.al\\\/njoftim-mbi-referimin-akademik-te-kryer-per-promovimin-e-titullit-akademik-profesor-i-asociuar-14\\\/#primaryimage\"},\"image\":{\"@id\":\"https:\\\/\\\/fimif.edu.al\\\/njoftim-mbi-referimin-akademik-te-kryer-per-promovimin-e-titullit-akademik-profesor-i-asociuar-14\\\/#primaryimage\"},\"thumbnailUrl\":\"https:\\\/\\\/fimif.edu.al\\\/wp-content\\\/uploads\\\/2026\\\/03\\\/PHOTO-2026-03-06-10-32-38-1024x576.jpg\",\"datePublished\":\"2026-03-07T13:31:13+00:00\",\"dateModified\":\"2026-03-07T13:31:14+00:00\",\"breadcrumb\":{\"@id\":\"https:\\\/\\\/fimif.edu.al\\\/njoftim-mbi-referimin-akademik-te-kryer-per-promovimin-e-titullit-akademik-profesor-i-asociuar-14\\\/#breadcrumb\"},\"inLanguage\":\"en-GB\",\"potentialAction\":[{\"@type\":\"ReadAction\",\"target\":[\"https:\\\/\\\/fimif.edu.al\\\/njoftim-mbi-referimin-akademik-te-kryer-per-promovimin-e-titullit-akademik-profesor-i-asociuar-14\\\/\"]}]},{\"@type\":\"ImageObject\",\"inLanguage\":\"en-GB\",\"@id\":\"https:\\\/\\\/fimif.edu.al\\\/njoftim-mbi-referimin-akademik-te-kryer-per-promovimin-e-titullit-akademik-profesor-i-asociuar-14\\\/#primaryimage\",\"url\":\"https:\\\/\\\/fimif.edu.al\\\/wp-content\\\/uploads\\\/2026\\\/03\\\/PHOTO-2026-03-06-10-32-38-1024x576.jpg\",\"contentUrl\":\"https:\\\/\\\/fimif.edu.al\\\/wp-content\\\/uploads\\\/2026\\\/03\\\/PHOTO-2026-03-06-10-32-38-1024x576.jpg\"},{\"@type\":\"BreadcrumbList\",\"@id\":\"https:\\\/\\\/fimif.edu.al\\\/njoftim-mbi-referimin-akademik-te-kryer-per-promovimin-e-titullit-akademik-profesor-i-asociuar-14\\\/#breadcrumb\",\"itemListElement\":[{\"@type\":\"ListItem\",\"position\":1,\"name\":\"Home\",\"item\":\"https:\\\/\\\/fimif.edu.al\\\/\"},{\"@type\":\"ListItem\",\"position\":2,\"name\":\"Njoftim mbi Referimin Akademik t\u00eb Kryer p\u00ebr Promovimin e Titullit Akademik Profesor i Asociuar.\"}]},{\"@type\":\"WebSite\",\"@id\":\"https:\\\/\\\/fimif.edu.al\\\/#website\",\"url\":\"https:\\\/\\\/fimif.edu.al\\\/\",\"name\":\"Fakulteti i Inxhinieris\u00eb Matematike dhe Inxhinieris\u00eb Fizike\",\"description\":\"FIMIF, UPT Tirane\",\"publisher\":{\"@id\":\"https:\\\/\\\/fimif.edu.al\\\/#organization\"},\"potentialAction\":[{\"@type\":\"SearchAction\",\"target\":{\"@type\":\"EntryPoint\",\"urlTemplate\":\"https:\\\/\\\/fimif.edu.al\\\/?s={search_term_string}\"},\"query-input\":{\"@type\":\"PropertyValueSpecification\",\"valueRequired\":true,\"valueName\":\"search_term_string\"}}],\"inLanguage\":\"en-GB\"},{\"@type\":\"Organization\",\"@id\":\"https:\\\/\\\/fimif.edu.al\\\/#organization\",\"name\":\"Fakulteti i Inxhinieris\u00eb Matematike dhe Inxhinieris\u00eb Fizike\",\"url\":\"https:\\\/\\\/fimif.edu.al\\\/\",\"logo\":{\"@type\":\"ImageObject\",\"inLanguage\":\"en-GB\",\"@id\":\"https:\\\/\\\/fimif.edu.al\\\/#\\\/schema\\\/logo\\\/image\\\/\",\"url\":\"https:\\\/\\\/fimif.edu.al\\\/wp-content\\\/uploads\\\/2024\\\/10\\\/Fimif-Logo.svg\",\"contentUrl\":\"https:\\\/\\\/fimif.edu.al\\\/wp-content\\\/uploads\\\/2024\\\/10\\\/Fimif-Logo.svg\",\"width\":653,\"height\":219,\"caption\":\"Fakulteti i Inxhinieris\u00eb Matematike dhe Inxhinieris\u00eb Fizike\"},\"image\":{\"@id\":\"https:\\\/\\\/fimif.edu.al\\\/#\\\/schema\\\/logo\\\/image\\\/\"},\"sameAs\":[\"https:\\\/\\\/www.facebook.com\\\/p\\\/Departamenti-i-Inxhinierise-Matematike-FIMIF-UPT-100077435994252\\\/\"]},{\"@type\":\"Person\",\"@id\":\"https:\\\/\\\/fimif.edu.al\\\/#\\\/schema\\\/person\\\/771075414e038199af3802af30f13da3\",\"name\":\"Gerta Lame\"}]}<\/script>\n<!-- \/ Yoast SEO plugin. -->","yoast_head_json":{"title":"Njoftim mbi Referimin Akademik t\u00eb Kryer p\u00ebr Promovimin e Titullit Akademik Profesor i Asociuar. - Fakulteti i Inxhinieris\u00eb Matematike dhe Inxhinieris\u00eb Fizike","robots":{"index":"index","follow":"follow","max-snippet":"max-snippet:-1","max-image-preview":"max-image-preview:large","max-video-preview":"max-video-preview:-1"},"canonical":"https:\/\/fimif.edu.al\/en\/njoftim-mbi-referimin-akademik-te-kryer-per-promovimin-e-titullit-akademik-profesor-i-asociuar-14\/","og_locale":"en_GB","og_type":"article","og_title":"Njoftim mbi Referimin Akademik t\u00eb Kryer p\u00ebr Promovimin e Titullit Akademik Profesor i Asociuar. - Fakulteti i Inxhinieris\u00eb Matematike dhe Inxhinieris\u00eb Fizike","og_description":"Fakulteti i Inxhinieris\u00eb Matematike dhe Inxhinieris\u00eb Fizike (FIMIF) njofton se m\u00eb dat\u00ebn 06 Mars 2026, u zhvillua me sukses referimi akademik n\u00eb kuad\u00ebr t\u00eb promovimit t\u00eb titullit akademik Profesor i Asociuar t\u00eb Dr. Vanina Kanini. Gjat\u00eb k\u00ebtij referimi, Dr. Vanina Kanini paraqiti kontributin e saj n\u00eb fush\u00ebn akademike dhe shkencore p\u00ebrkat\u00ebse. Aktiviteti u ndoq nga [&hellip;]","og_url":"https:\/\/fimif.edu.al\/en\/njoftim-mbi-referimin-akademik-te-kryer-per-promovimin-e-titullit-akademik-profesor-i-asociuar-14\/","og_site_name":"Fakulteti i Inxhinieris\u00eb Matematike dhe Inxhinieris\u00eb Fizike","article_publisher":"https:\/\/www.facebook.com\/p\/Departamenti-i-Inxhinierise-Matematike-FIMIF-UPT-100077435994252\/","article_published_time":"2026-03-07T13:31:13+00:00","article_modified_time":"2026-03-07T13:31:14+00:00","og_image":[{"width":2560,"height":1440,"url":"https:\/\/fimif.edu.al\/wp-content\/uploads\/2026\/03\/PHOTO-2026-03-06-10-32-38-scaled.jpg","type":"image\/jpeg"}],"author":"Gerta Lame","twitter_card":"summary_large_image","twitter_misc":{"Written by":"Gerta Lame","Estimated reading time":"2 minutes"},"schema":{"@context":"https:\/\/schema.org","@graph":[{"@type":"Article","@id":"https:\/\/fimif.edu.al\/njoftim-mbi-referimin-akademik-te-kryer-per-promovimin-e-titullit-akademik-profesor-i-asociuar-14\/#article","isPartOf":{"@id":"https:\/\/fimif.edu.al\/njoftim-mbi-referimin-akademik-te-kryer-per-promovimin-e-titullit-akademik-profesor-i-asociuar-14\/"},"author":{"name":"Gerta Lame","@id":"https:\/\/fimif.edu.al\/#\/schema\/person\/771075414e038199af3802af30f13da3"},"headline":"Njoftim mbi Referimin Akademik t\u00eb Kryer p\u00ebr Promovimin e Titullit Akademik Profesor i Asociuar.","datePublished":"2026-03-07T13:31:13+00:00","dateModified":"2026-03-07T13:31:14+00:00","mainEntityOfPage":{"@id":"https:\/\/fimif.edu.al\/njoftim-mbi-referimin-akademik-te-kryer-per-promovimin-e-titullit-akademik-profesor-i-asociuar-14\/"},"wordCount":144,"publisher":{"@id":"https:\/\/fimif.edu.al\/#organization"},"image":{"@id":"https:\/\/fimif.edu.al\/njoftim-mbi-referimin-akademik-te-kryer-per-promovimin-e-titullit-akademik-profesor-i-asociuar-14\/#primaryimage"},"thumbnailUrl":"https:\/\/fimif.edu.al\/wp-content\/uploads\/2026\/03\/PHOTO-2026-03-06-10-32-38-1024x576.jpg","articleSection":["Uncategorized"],"inLanguage":"en-GB"},{"@type":"WebPage","@id":"https:\/\/fimif.edu.al\/njoftim-mbi-referimin-akademik-te-kryer-per-promovimin-e-titullit-akademik-profesor-i-asociuar-14\/","url":"https:\/\/fimif.edu.al\/njoftim-mbi-referimin-akademik-te-kryer-per-promovimin-e-titullit-akademik-profesor-i-asociuar-14\/","name":"Njoftim mbi Referimin Akademik t\u00eb Kryer p\u00ebr Promovimin e Titullit Akademik Profesor i Asociuar. - Fakulteti i Inxhinieris\u00eb Matematike dhe Inxhinieris\u00eb Fizike","isPartOf":{"@id":"https:\/\/fimif.edu.al\/#website"},"primaryImageOfPage":{"@id":"https:\/\/fimif.edu.al\/njoftim-mbi-referimin-akademik-te-kryer-per-promovimin-e-titullit-akademik-profesor-i-asociuar-14\/#primaryimage"},"image":{"@id":"https:\/\/fimif.edu.al\/njoftim-mbi-referimin-akademik-te-kryer-per-promovimin-e-titullit-akademik-profesor-i-asociuar-14\/#primaryimage"},"thumbnailUrl":"https:\/\/fimif.edu.al\/wp-content\/uploads\/2026\/03\/PHOTO-2026-03-06-10-32-38-1024x576.jpg","datePublished":"2026-03-07T13:31:13+00:00","dateModified":"2026-03-07T13:31:14+00:00","breadcrumb":{"@id":"https:\/\/fimif.edu.al\/njoftim-mbi-referimin-akademik-te-kryer-per-promovimin-e-titullit-akademik-profesor-i-asociuar-14\/#breadcrumb"},"inLanguage":"en-GB","potentialAction":[{"@type":"ReadAction","target":["https:\/\/fimif.edu.al\/njoftim-mbi-referimin-akademik-te-kryer-per-promovimin-e-titullit-akademik-profesor-i-asociuar-14\/"]}]},{"@type":"ImageObject","inLanguage":"en-GB","@id":"https:\/\/fimif.edu.al\/njoftim-mbi-referimin-akademik-te-kryer-per-promovimin-e-titullit-akademik-profesor-i-asociuar-14\/#primaryimage","url":"https:\/\/fimif.edu.al\/wp-content\/uploads\/2026\/03\/PHOTO-2026-03-06-10-32-38-1024x576.jpg","contentUrl":"https:\/\/fimif.edu.al\/wp-content\/uploads\/2026\/03\/PHOTO-2026-03-06-10-32-38-1024x576.jpg"},{"@type":"BreadcrumbList","@id":"https:\/\/fimif.edu.al\/njoftim-mbi-referimin-akademik-te-kryer-per-promovimin-e-titullit-akademik-profesor-i-asociuar-14\/#breadcrumb","itemListElement":[{"@type":"ListItem","position":1,"name":"Home","item":"https:\/\/fimif.edu.al\/"},{"@type":"ListItem","position":2,"name":"Njoftim mbi Referimin Akademik t\u00eb Kryer p\u00ebr Promovimin e Titullit Akademik Profesor i Asociuar."}]},{"@type":"WebSite","@id":"https:\/\/fimif.edu.al\/#website","url":"https:\/\/fimif.edu.al\/","name":"Fakulteti i Inxhinieris\u00eb Matematike dhe Inxhinieris\u00eb Fizike","description":"FIMIF, UPT Tirane","publisher":{"@id":"https:\/\/fimif.edu.al\/#organization"},"potentialAction":[{"@type":"SearchAction","target":{"@type":"EntryPoint","urlTemplate":"https:\/\/fimif.edu.al\/?s={search_term_string}"},"query-input":{"@type":"PropertyValueSpecification","valueRequired":true,"valueName":"search_term_string"}}],"inLanguage":"en-GB"},{"@type":"Organization","@id":"https:\/\/fimif.edu.al\/#organization","name":"Fakulteti i Inxhinieris\u00eb Matematike dhe Inxhinieris\u00eb Fizike","url":"https:\/\/fimif.edu.al\/","logo":{"@type":"ImageObject","inLanguage":"en-GB","@id":"https:\/\/fimif.edu.al\/#\/schema\/logo\/image\/","url":"https:\/\/fimif.edu.al\/wp-content\/uploads\/2024\/10\/Fimif-Logo.svg","contentUrl":"https:\/\/fimif.edu.al\/wp-content\/uploads\/2024\/10\/Fimif-Logo.svg","width":653,"height":219,"caption":"Fakulteti i Inxhinieris\u00eb Matematike dhe Inxhinieris\u00eb Fizike"},"image":{"@id":"https:\/\/fimif.edu.al\/#\/schema\/logo\/image\/"},"sameAs":["https:\/\/www.facebook.com\/p\/Departamenti-i-Inxhinierise-Matematike-FIMIF-UPT-100077435994252\/"]},{"@type":"Person","@id":"https:\/\/fimif.edu.al\/#\/schema\/person\/771075414e038199af3802af30f13da3","name":"Gerta Lame"}]}},"_links":{"self":[{"href":"https:\/\/fimif.edu.al\/en\/wp-json\/wp\/v2\/posts\/8501","targetHints":{"allow":["GET"]}}],"collection":[{"href":"https:\/\/fimif.edu.al\/en\/wp-json\/wp\/v2\/posts"}],"about":[{"href":"https:\/\/fimif.edu.al\/en\/wp-json\/wp\/v2\/types\/post"}],"author":[{"embeddable":true,"href":"https:\/\/fimif.edu.al\/en\/wp-json\/wp\/v2\/users\/4"}],"replies":[{"embeddable":true,"href":"https:\/\/fimif.edu.al\/en\/wp-json\/wp\/v2\/comments?post=8501"}],"version-history":[{"count":1,"href":"https:\/\/fimif.edu.al\/en\/wp-json\/wp\/v2\/posts\/8501\/revisions"}],"predecessor-version":[{"id":8505,"href":"https:\/\/fimif.edu.al\/en\/wp-json\/wp\/v2\/posts\/8501\/revisions\/8505"}],"wp:attachment":[{"href":"https:\/\/fimif.edu.al\/en\/wp-json\/wp\/v2\/media?parent=8501"}],"wp:term":[{"taxonomy":"category","embeddable":true,"href":"https:\/\/fimif.edu.al\/en\/wp-json\/wp\/v2\/categories?post=8501"},{"taxonomy":"post_tag","embeddable":true,"href":"https:\/\/fimif.edu.al\/en\/wp-json\/wp\/v2\/tags?post=8501"}],"curies":[{"name":"wp","href":"https:\/\/api.w.org\/{rel}","templated":true}]}}