{"id":8506,"date":"2026-03-11T15:15:11","date_gmt":"2026-03-11T14:15:11","guid":{"rendered":"https:\/\/fimif.edu.al\/?p=8506"},"modified":"2026-03-11T15:15:12","modified_gmt":"2026-03-11T14:15:12","slug":"njoftim-frymezim-dhe-bashkebisedim-marin-mema-ne-fimif","status":"publish","type":"post","link":"https:\/\/fimif.edu.al\/en\/njoftim-frymezim-dhe-bashkebisedim-marin-mema-ne-fimif\/","title":{"rendered":"Njoftim: Frym\u00ebzim dhe Bashk\u00ebbisedim: Marin Mema n\u00eb FIMIF"},"content":{"rendered":"<p>N\u00eb nj\u00eb atmosfer\u00eb mbres\u00ebl\u00ebn\u00ebse dhe plot energji, K\u00ebshilli Studentor i Fakultetit t\u00eb Inxhinieris\u00eb Matematike dhe Inxhinieris\u00eb Fizike (FIMIF) pati nderin t\u00eb mir\u00ebpriste n\u00eb nj\u00eb bashk\u00ebbisedim t\u00eb hapur gazetarin dhe k\u00ebrkuesin e mir\u00ebnjohur, Marin Mema.<\/p>\n\n\n\n<p><strong><em>Dashuria p\u00ebr Kombin si Mision <\/em><\/strong><\/p>\n\n\n\n<p>Kryefjala e k\u00ebtij takimi ishte kultivimi i vet\u00ebdijes komb\u00ebtare dhe domosdoshm\u00ebria e nj\u00eb angazhimi konstant proaktiv p\u00ebr prosperitetin e Shqip\u00ebris\u00eb. Gjat\u00eb fjal\u00ebs s\u00eb tij, z. Mema p\u00ebrcolli mesazhe thelb\u00ebsore mbi mbrojtjen e identitetit komb\u00ebtar, duke n\u00ebnvizuar se transformimi rr\u00ebnj\u00ebsor i vendit buron nga vullneti individual dhe kontributi konkret i secilit prej nesh.<\/p>\n\n\n\n<p><strong><em>Z\u00ebri i Student\u00ebve<\/em><\/strong><\/p>\n\n\n\n<p>Takimi nuk ishte thjesht nj\u00eb ligj\u00ebrat\u00eb, por nj\u00eb platform\u00eb komunikimi ku student\u00ebt pat\u00ebn mund\u00ebsin\u00eb t\u00eb shpreheshin lirsh\u00ebm. Gjat\u00eb bashk\u00ebbisedimit u diskutuan:<\/p>\n\n\n\n<p><strong>-Problematikat aktuale: <\/strong>Sfidat me t\u00eb cilat p\u00ebrballen t\u00eb rinjt\u00eb n\u00eb rrug\u00ebtimin e tyre akademik.<\/p>\n\n\n\n<p><strong>-Shqet\u00ebsimet kolektive:<\/strong> \u00c7\u00ebshtje q\u00eb prekin komunitetin studentor dhe nevoj\u00ebn p\u00ebr zgjidhje konkrete.<\/p>\n\n\n\n<p><strong>-Aktivizmi:<\/strong> Roli q\u00eb inxhinier\u00ebt e ardhsh\u00ebm duhet t\u00eb luajn\u00eb n\u00eb zhvillimin social dhe ekonomik t\u00eb Shqip\u00ebris\u00eb.<\/p>\n\n\n\n<p><strong><em>Nj\u00eb Thirrje p\u00ebr Veprim<\/em><\/strong><\/p>\n\n\n\n<p>N\u00eb mbyllje, u rikonfirmua ideja se dija dhe patriotizmi duhet t\u00eb ecin krah p\u00ebr krah. Student\u00ebt e FIMIF treguan se jan\u00eb jo vet\u00ebm profesionist\u00eb t\u00eb ardhsh\u00ebm t\u00eb shkencave ekzakte, por edhe qytetar\u00eb t\u00eb p\u00ebrgjegjsh\u00ebm q\u00eb e duan dhe luftojn\u00eb p\u00ebr t\u00eb ardhmen e tyre k\u00ebtu, n\u00eb Shqip\u00ebri.Ky aktivitet u organizua nga K\u00ebshilli Studentor FIMIF.<\/p>\n\n\n\n<figure class=\"wp-block-gallery has-nested-images columns-default is-cropped wp-block-gallery-1 is-layout-flex wp-block-gallery-is-layout-flex\">\n<figure class=\"wp-block-image size-large\"><img fetchpriority=\"high\" decoding=\"async\" width=\"1024\" height=\"769\" data-id=\"8508\" src=\"https:\/\/fimif.edu.al\/wp-content\/uploads\/2026\/03\/PHOTO-2026-03-11-13-58-21-1024x769.jpg\" alt=\"\" class=\"wp-image-8508\" srcset=\"https:\/\/fimif.edu.al\/wp-content\/uploads\/2026\/03\/PHOTO-2026-03-11-13-58-21-1024x769.jpg 1024w, https:\/\/fimif.edu.al\/wp-content\/uploads\/2026\/03\/PHOTO-2026-03-11-13-58-21-300x225.jpg 300w, https:\/\/fimif.edu.al\/wp-content\/uploads\/2026\/03\/PHOTO-2026-03-11-13-58-21-768x576.jpg 768w, https:\/\/fimif.edu.al\/wp-content\/uploads\/2026\/03\/PHOTO-2026-03-11-13-58-21-1536x1153.jpg 1536w, https:\/\/fimif.edu.al\/wp-content\/uploads\/2026\/03\/PHOTO-2026-03-11-13-58-21-16x12.jpg 16w, https:\/\/fimif.edu.al\/wp-content\/uploads\/2026\/03\/PHOTO-2026-03-11-13-58-21.jpg 1600w\" sizes=\"(max-width: 1024px) 100vw, 1024px\" \/><\/figure>\n\n\n\n<figure class=\"wp-block-image size-large\"><img decoding=\"async\" width=\"1024\" height=\"769\" data-id=\"8507\" src=\"https:\/\/fimif.edu.al\/wp-content\/uploads\/2026\/03\/PHOTO-2026-03-11-13-57-37-1024x769.jpg\" alt=\"\" class=\"wp-image-8507\" srcset=\"https:\/\/fimif.edu.al\/wp-content\/uploads\/2026\/03\/PHOTO-2026-03-11-13-57-37-1024x769.jpg 1024w, https:\/\/fimif.edu.al\/wp-content\/uploads\/2026\/03\/PHOTO-2026-03-11-13-57-37-300x225.jpg 300w, https:\/\/fimif.edu.al\/wp-content\/uploads\/2026\/03\/PHOTO-2026-03-11-13-57-37-768x576.jpg 768w, https:\/\/fimif.edu.al\/wp-content\/uploads\/2026\/03\/PHOTO-2026-03-11-13-57-37-1536x1153.jpg 1536w, https:\/\/fimif.edu.al\/wp-content\/uploads\/2026\/03\/PHOTO-2026-03-11-13-57-37-16x12.jpg 16w, https:\/\/fimif.edu.al\/wp-content\/uploads\/2026\/03\/PHOTO-2026-03-11-13-57-37.jpg 1600w\" sizes=\"(max-width: 1024px) 100vw, 1024px\" \/><\/figure>\n\n\n\n<figure class=\"wp-block-image size-large\"><img decoding=\"async\" width=\"1024\" height=\"769\" data-id=\"8509\" src=\"https:\/\/fimif.edu.al\/wp-content\/uploads\/2026\/03\/PHOTO-2026-03-11-13-58-49-1024x769.jpg\" alt=\"\" class=\"wp-image-8509\" srcset=\"https:\/\/fimif.edu.al\/wp-content\/uploads\/2026\/03\/PHOTO-2026-03-11-13-58-49-1024x769.jpg 1024w, https:\/\/fimif.edu.al\/wp-content\/uploads\/2026\/03\/PHOTO-2026-03-11-13-58-49-300x225.jpg 300w, https:\/\/fimif.edu.al\/wp-content\/uploads\/2026\/03\/PHOTO-2026-03-11-13-58-49-768x576.jpg 768w, https:\/\/fimif.edu.al\/wp-content\/uploads\/2026\/03\/PHOTO-2026-03-11-13-58-49-1536x1153.jpg 1536w, https:\/\/fimif.edu.al\/wp-content\/uploads\/2026\/03\/PHOTO-2026-03-11-13-58-49-16x12.jpg 16w, https:\/\/fimif.edu.al\/wp-content\/uploads\/2026\/03\/PHOTO-2026-03-11-13-58-49.jpg 1600w\" sizes=\"(max-width: 1024px) 100vw, 1024px\" \/><\/figure>\n<\/figure>","protected":false},"excerpt":{"rendered":"<p>N\u00eb nj\u00eb atmosfer\u00eb mbres\u00ebl\u00ebn\u00ebse dhe plot energji, K\u00ebshilli Studentor i Fakultetit t\u00eb Inxhinieris\u00eb Matematike dhe Inxhinieris\u00eb Fizike (FIMIF) pati nderin t\u00eb mir\u00ebpriste n\u00eb nj\u00eb bashk\u00ebbisedim t\u00eb hapur gazetarin dhe k\u00ebrkuesin e mir\u00ebnjohur, Marin Mema. Dashuria p\u00ebr Kombin si Mision Kryefjala e k\u00ebtij takimi ishte kultivimi i vet\u00ebdijes komb\u00ebtare dhe domosdoshm\u00ebria e nj\u00eb angazhimi konstant proaktiv [&hellip;]<\/p>\n","protected":false},"author":4,"featured_media":0,"comment_status":"closed","ping_status":"open","sticky":false,"template":"","format":"standard","meta":{"footnotes":""},"categories":[1],"tags":[],"class_list":["post-8506","post","type-post","status-publish","format-standard","hentry","category-uncategorized"],"yoast_head":"<!-- This site is optimized with the Yoast SEO plugin v27.4 - https:\/\/yoast.com\/product\/yoast-seo-wordpress\/ -->\n<title>Njoftim: Frym\u00ebzim dhe Bashk\u00ebbisedim: Marin Mema n\u00eb FIMIF - Fakulteti i Inxhinieris\u00eb Matematike dhe Inxhinieris\u00eb Fizike<\/title>\n<meta name=\"robots\" content=\"index, follow, max-snippet:-1, max-image-preview:large, max-video-preview:-1\" \/>\n<link rel=\"canonical\" href=\"https:\/\/fimif.edu.al\/en\/njoftim-frymezim-dhe-bashkebisedim-marin-mema-ne-fimif\/\" \/>\n<meta property=\"og:locale\" content=\"en_GB\" \/>\n<meta property=\"og:type\" content=\"article\" \/>\n<meta property=\"og:title\" content=\"Njoftim: Frym\u00ebzim dhe Bashk\u00ebbisedim: Marin Mema n\u00eb FIMIF - Fakulteti i Inxhinieris\u00eb Matematike dhe Inxhinieris\u00eb Fizike\" \/>\n<meta property=\"og:description\" content=\"N\u00eb nj\u00eb atmosfer\u00eb mbres\u00ebl\u00ebn\u00ebse dhe plot energji, K\u00ebshilli Studentor i Fakultetit t\u00eb Inxhinieris\u00eb Matematike dhe Inxhinieris\u00eb Fizike (FIMIF) pati nderin t\u00eb mir\u00ebpriste n\u00eb nj\u00eb bashk\u00ebbisedim t\u00eb hapur gazetarin dhe k\u00ebrkuesin e mir\u00ebnjohur, Marin Mema. Dashuria p\u00ebr Kombin si Mision Kryefjala e k\u00ebtij takimi ishte kultivimi i vet\u00ebdijes komb\u00ebtare dhe domosdoshm\u00ebria e nj\u00eb angazhimi konstant proaktiv [&hellip;]\" \/>\n<meta property=\"og:url\" content=\"https:\/\/fimif.edu.al\/en\/njoftim-frymezim-dhe-bashkebisedim-marin-mema-ne-fimif\/\" \/>\n<meta property=\"og:site_name\" content=\"Fakulteti i Inxhinieris\u00eb Matematike dhe Inxhinieris\u00eb Fizike\" \/>\n<meta property=\"article:publisher\" content=\"https:\/\/www.facebook.com\/p\/Departamenti-i-Inxhinierise-Matematike-FIMIF-UPT-100077435994252\/\" \/>\n<meta property=\"article:published_time\" content=\"2026-03-11T14:15:11+00:00\" \/>\n<meta property=\"article:modified_time\" content=\"2026-03-11T14:15:12+00:00\" \/>\n<meta property=\"og:image\" content=\"https:\/\/fimif.edu.al\/wp-content\/uploads\/2026\/03\/PHOTO-2026-03-11-13-58-21.jpg\" \/>\n\t<meta property=\"og:image:width\" content=\"1600\" \/>\n\t<meta property=\"og:image:height\" content=\"1201\" \/>\n\t<meta property=\"og:image:type\" content=\"image\/jpeg\" \/>\n<meta name=\"author\" content=\"Gerta Lame\" \/>\n<meta name=\"twitter:card\" content=\"summary_large_image\" \/>\n<meta name=\"twitter:label1\" content=\"Written by\" \/>\n\t<meta name=\"twitter:data1\" content=\"Gerta Lame\" \/>\n\t<meta name=\"twitter:label2\" content=\"Estimated reading time\" \/>\n\t<meta name=\"twitter:data2\" content=\"2 minutes\" \/>\n<script type=\"application\/ld+json\" class=\"yoast-schema-graph\">{\"@context\":\"https:\\\/\\\/schema.org\",\"@graph\":[{\"@type\":\"Article\",\"@id\":\"https:\\\/\\\/fimif.edu.al\\\/njoftim-frymezim-dhe-bashkebisedim-marin-mema-ne-fimif\\\/#article\",\"isPartOf\":{\"@id\":\"https:\\\/\\\/fimif.edu.al\\\/njoftim-frymezim-dhe-bashkebisedim-marin-mema-ne-fimif\\\/\"},\"author\":{\"name\":\"Gerta Lame\",\"@id\":\"https:\\\/\\\/fimif.edu.al\\\/#\\\/schema\\\/person\\\/771075414e038199af3802af30f13da3\"},\"headline\":\"Njoftim: Frym\u00ebzim dhe Bashk\u00ebbisedim: Marin Mema n\u00eb FIMIF\",\"datePublished\":\"2026-03-11T14:15:11+00:00\",\"dateModified\":\"2026-03-11T14:15:12+00:00\",\"mainEntityOfPage\":{\"@id\":\"https:\\\/\\\/fimif.edu.al\\\/njoftim-frymezim-dhe-bashkebisedim-marin-mema-ne-fimif\\\/\"},\"wordCount\":275,\"publisher\":{\"@id\":\"https:\\\/\\\/fimif.edu.al\\\/#organization\"},\"image\":{\"@id\":\"https:\\\/\\\/fimif.edu.al\\\/njoftim-frymezim-dhe-bashkebisedim-marin-mema-ne-fimif\\\/#primaryimage\"},\"thumbnailUrl\":\"https:\\\/\\\/fimif.edu.al\\\/wp-content\\\/uploads\\\/2026\\\/03\\\/PHOTO-2026-03-11-13-58-21-1024x769.jpg\",\"articleSection\":[\"Uncategorized\"],\"inLanguage\":\"en-GB\"},{\"@type\":\"WebPage\",\"@id\":\"https:\\\/\\\/fimif.edu.al\\\/njoftim-frymezim-dhe-bashkebisedim-marin-mema-ne-fimif\\\/\",\"url\":\"https:\\\/\\\/fimif.edu.al\\\/njoftim-frymezim-dhe-bashkebisedim-marin-mema-ne-fimif\\\/\",\"name\":\"Njoftim: Frym\u00ebzim dhe Bashk\u00ebbisedim: Marin Mema n\u00eb FIMIF - Fakulteti i Inxhinieris\u00eb Matematike dhe Inxhinieris\u00eb Fizike\",\"isPartOf\":{\"@id\":\"https:\\\/\\\/fimif.edu.al\\\/#website\"},\"primaryImageOfPage\":{\"@id\":\"https:\\\/\\\/fimif.edu.al\\\/njoftim-frymezim-dhe-bashkebisedim-marin-mema-ne-fimif\\\/#primaryimage\"},\"image\":{\"@id\":\"https:\\\/\\\/fimif.edu.al\\\/njoftim-frymezim-dhe-bashkebisedim-marin-mema-ne-fimif\\\/#primaryimage\"},\"thumbnailUrl\":\"https:\\\/\\\/fimif.edu.al\\\/wp-content\\\/uploads\\\/2026\\\/03\\\/PHOTO-2026-03-11-13-58-21-1024x769.jpg\",\"datePublished\":\"2026-03-11T14:15:11+00:00\",\"dateModified\":\"2026-03-11T14:15:12+00:00\",\"breadcrumb\":{\"@id\":\"https:\\\/\\\/fimif.edu.al\\\/njoftim-frymezim-dhe-bashkebisedim-marin-mema-ne-fimif\\\/#breadcrumb\"},\"inLanguage\":\"en-GB\",\"potentialAction\":[{\"@type\":\"ReadAction\",\"target\":[\"https:\\\/\\\/fimif.edu.al\\\/njoftim-frymezim-dhe-bashkebisedim-marin-mema-ne-fimif\\\/\"]}]},{\"@type\":\"ImageObject\",\"inLanguage\":\"en-GB\",\"@id\":\"https:\\\/\\\/fimif.edu.al\\\/njoftim-frymezim-dhe-bashkebisedim-marin-mema-ne-fimif\\\/#primaryimage\",\"url\":\"https:\\\/\\\/fimif.edu.al\\\/wp-content\\\/uploads\\\/2026\\\/03\\\/PHOTO-2026-03-11-13-58-21-1024x769.jpg\",\"contentUrl\":\"https:\\\/\\\/fimif.edu.al\\\/wp-content\\\/uploads\\\/2026\\\/03\\\/PHOTO-2026-03-11-13-58-21-1024x769.jpg\"},{\"@type\":\"BreadcrumbList\",\"@id\":\"https:\\\/\\\/fimif.edu.al\\\/njoftim-frymezim-dhe-bashkebisedim-marin-mema-ne-fimif\\\/#breadcrumb\",\"itemListElement\":[{\"@type\":\"ListItem\",\"position\":1,\"name\":\"Home\",\"item\":\"https:\\\/\\\/fimif.edu.al\\\/\"},{\"@type\":\"ListItem\",\"position\":2,\"name\":\"Njoftim: Frym\u00ebzim dhe Bashk\u00ebbisedim: Marin Mema n\u00eb FIMIF\"}]},{\"@type\":\"WebSite\",\"@id\":\"https:\\\/\\\/fimif.edu.al\\\/#website\",\"url\":\"https:\\\/\\\/fimif.edu.al\\\/\",\"name\":\"Fakulteti i Inxhinieris\u00eb Matematike dhe Inxhinieris\u00eb Fizike\",\"description\":\"FIMIF, UPT Tirane\",\"publisher\":{\"@id\":\"https:\\\/\\\/fimif.edu.al\\\/#organization\"},\"potentialAction\":[{\"@type\":\"SearchAction\",\"target\":{\"@type\":\"EntryPoint\",\"urlTemplate\":\"https:\\\/\\\/fimif.edu.al\\\/?s={search_term_string}\"},\"query-input\":{\"@type\":\"PropertyValueSpecification\",\"valueRequired\":true,\"valueName\":\"search_term_string\"}}],\"inLanguage\":\"en-GB\"},{\"@type\":\"Organization\",\"@id\":\"https:\\\/\\\/fimif.edu.al\\\/#organization\",\"name\":\"Fakulteti i Inxhinieris\u00eb Matematike dhe Inxhinieris\u00eb Fizike\",\"url\":\"https:\\\/\\\/fimif.edu.al\\\/\",\"logo\":{\"@type\":\"ImageObject\",\"inLanguage\":\"en-GB\",\"@id\":\"https:\\\/\\\/fimif.edu.al\\\/#\\\/schema\\\/logo\\\/image\\\/\",\"url\":\"https:\\\/\\\/fimif.edu.al\\\/wp-content\\\/uploads\\\/2024\\\/10\\\/Fimif-Logo.svg\",\"contentUrl\":\"https:\\\/\\\/fimif.edu.al\\\/wp-content\\\/uploads\\\/2024\\\/10\\\/Fimif-Logo.svg\",\"width\":653,\"height\":219,\"caption\":\"Fakulteti i Inxhinieris\u00eb Matematike dhe Inxhinieris\u00eb Fizike\"},\"image\":{\"@id\":\"https:\\\/\\\/fimif.edu.al\\\/#\\\/schema\\\/logo\\\/image\\\/\"},\"sameAs\":[\"https:\\\/\\\/www.facebook.com\\\/p\\\/Departamenti-i-Inxhinierise-Matematike-FIMIF-UPT-100077435994252\\\/\"]},{\"@type\":\"Person\",\"@id\":\"https:\\\/\\\/fimif.edu.al\\\/#\\\/schema\\\/person\\\/771075414e038199af3802af30f13da3\",\"name\":\"Gerta Lame\"}]}<\/script>\n<!-- \/ Yoast SEO plugin. -->","yoast_head_json":{"title":"Njoftim: Frym\u00ebzim dhe Bashk\u00ebbisedim: Marin Mema n\u00eb FIMIF - Fakulteti i Inxhinieris\u00eb Matematike dhe Inxhinieris\u00eb Fizike","robots":{"index":"index","follow":"follow","max-snippet":"max-snippet:-1","max-image-preview":"max-image-preview:large","max-video-preview":"max-video-preview:-1"},"canonical":"https:\/\/fimif.edu.al\/en\/njoftim-frymezim-dhe-bashkebisedim-marin-mema-ne-fimif\/","og_locale":"en_GB","og_type":"article","og_title":"Njoftim: Frym\u00ebzim dhe Bashk\u00ebbisedim: Marin Mema n\u00eb FIMIF - Fakulteti i Inxhinieris\u00eb Matematike dhe Inxhinieris\u00eb Fizike","og_description":"N\u00eb nj\u00eb atmosfer\u00eb mbres\u00ebl\u00ebn\u00ebse dhe plot energji, K\u00ebshilli Studentor i Fakultetit t\u00eb Inxhinieris\u00eb Matematike dhe Inxhinieris\u00eb Fizike (FIMIF) pati nderin t\u00eb mir\u00ebpriste n\u00eb nj\u00eb bashk\u00ebbisedim t\u00eb hapur gazetarin dhe k\u00ebrkuesin e mir\u00ebnjohur, Marin Mema. Dashuria p\u00ebr Kombin si Mision Kryefjala e k\u00ebtij takimi ishte kultivimi i vet\u00ebdijes komb\u00ebtare dhe domosdoshm\u00ebria e nj\u00eb angazhimi konstant proaktiv [&hellip;]","og_url":"https:\/\/fimif.edu.al\/en\/njoftim-frymezim-dhe-bashkebisedim-marin-mema-ne-fimif\/","og_site_name":"Fakulteti i Inxhinieris\u00eb Matematike dhe Inxhinieris\u00eb Fizike","article_publisher":"https:\/\/www.facebook.com\/p\/Departamenti-i-Inxhinierise-Matematike-FIMIF-UPT-100077435994252\/","article_published_time":"2026-03-11T14:15:11+00:00","article_modified_time":"2026-03-11T14:15:12+00:00","og_image":[{"width":1600,"height":1201,"url":"https:\/\/fimif.edu.al\/wp-content\/uploads\/2026\/03\/PHOTO-2026-03-11-13-58-21.jpg","type":"image\/jpeg"}],"author":"Gerta Lame","twitter_card":"summary_large_image","twitter_misc":{"Written by":"Gerta Lame","Estimated reading time":"2 minutes"},"schema":{"@context":"https:\/\/schema.org","@graph":[{"@type":"Article","@id":"https:\/\/fimif.edu.al\/njoftim-frymezim-dhe-bashkebisedim-marin-mema-ne-fimif\/#article","isPartOf":{"@id":"https:\/\/fimif.edu.al\/njoftim-frymezim-dhe-bashkebisedim-marin-mema-ne-fimif\/"},"author":{"name":"Gerta Lame","@id":"https:\/\/fimif.edu.al\/#\/schema\/person\/771075414e038199af3802af30f13da3"},"headline":"Njoftim: Frym\u00ebzim dhe Bashk\u00ebbisedim: Marin Mema n\u00eb FIMIF","datePublished":"2026-03-11T14:15:11+00:00","dateModified":"2026-03-11T14:15:12+00:00","mainEntityOfPage":{"@id":"https:\/\/fimif.edu.al\/njoftim-frymezim-dhe-bashkebisedim-marin-mema-ne-fimif\/"},"wordCount":275,"publisher":{"@id":"https:\/\/fimif.edu.al\/#organization"},"image":{"@id":"https:\/\/fimif.edu.al\/njoftim-frymezim-dhe-bashkebisedim-marin-mema-ne-fimif\/#primaryimage"},"thumbnailUrl":"https:\/\/fimif.edu.al\/wp-content\/uploads\/2026\/03\/PHOTO-2026-03-11-13-58-21-1024x769.jpg","articleSection":["Uncategorized"],"inLanguage":"en-GB"},{"@type":"WebPage","@id":"https:\/\/fimif.edu.al\/njoftim-frymezim-dhe-bashkebisedim-marin-mema-ne-fimif\/","url":"https:\/\/fimif.edu.al\/njoftim-frymezim-dhe-bashkebisedim-marin-mema-ne-fimif\/","name":"Njoftim: Frym\u00ebzim dhe Bashk\u00ebbisedim: Marin Mema n\u00eb FIMIF - Fakulteti i Inxhinieris\u00eb Matematike dhe Inxhinieris\u00eb Fizike","isPartOf":{"@id":"https:\/\/fimif.edu.al\/#website"},"primaryImageOfPage":{"@id":"https:\/\/fimif.edu.al\/njoftim-frymezim-dhe-bashkebisedim-marin-mema-ne-fimif\/#primaryimage"},"image":{"@id":"https:\/\/fimif.edu.al\/njoftim-frymezim-dhe-bashkebisedim-marin-mema-ne-fimif\/#primaryimage"},"thumbnailUrl":"https:\/\/fimif.edu.al\/wp-content\/uploads\/2026\/03\/PHOTO-2026-03-11-13-58-21-1024x769.jpg","datePublished":"2026-03-11T14:15:11+00:00","dateModified":"2026-03-11T14:15:12+00:00","breadcrumb":{"@id":"https:\/\/fimif.edu.al\/njoftim-frymezim-dhe-bashkebisedim-marin-mema-ne-fimif\/#breadcrumb"},"inLanguage":"en-GB","potentialAction":[{"@type":"ReadAction","target":["https:\/\/fimif.edu.al\/njoftim-frymezim-dhe-bashkebisedim-marin-mema-ne-fimif\/"]}]},{"@type":"ImageObject","inLanguage":"en-GB","@id":"https:\/\/fimif.edu.al\/njoftim-frymezim-dhe-bashkebisedim-marin-mema-ne-fimif\/#primaryimage","url":"https:\/\/fimif.edu.al\/wp-content\/uploads\/2026\/03\/PHOTO-2026-03-11-13-58-21-1024x769.jpg","contentUrl":"https:\/\/fimif.edu.al\/wp-content\/uploads\/2026\/03\/PHOTO-2026-03-11-13-58-21-1024x769.jpg"},{"@type":"BreadcrumbList","@id":"https:\/\/fimif.edu.al\/njoftim-frymezim-dhe-bashkebisedim-marin-mema-ne-fimif\/#breadcrumb","itemListElement":[{"@type":"ListItem","position":1,"name":"Home","item":"https:\/\/fimif.edu.al\/"},{"@type":"ListItem","position":2,"name":"Njoftim: Frym\u00ebzim dhe Bashk\u00ebbisedim: Marin Mema n\u00eb FIMIF"}]},{"@type":"WebSite","@id":"https:\/\/fimif.edu.al\/#website","url":"https:\/\/fimif.edu.al\/","name":"Fakulteti i Inxhinieris\u00eb Matematike dhe Inxhinieris\u00eb Fizike","description":"FIMIF, UPT Tirane","publisher":{"@id":"https:\/\/fimif.edu.al\/#organization"},"potentialAction":[{"@type":"SearchAction","target":{"@type":"EntryPoint","urlTemplate":"https:\/\/fimif.edu.al\/?s={search_term_string}"},"query-input":{"@type":"PropertyValueSpecification","valueRequired":true,"valueName":"search_term_string"}}],"inLanguage":"en-GB"},{"@type":"Organization","@id":"https:\/\/fimif.edu.al\/#organization","name":"Fakulteti i Inxhinieris\u00eb Matematike dhe Inxhinieris\u00eb Fizike","url":"https:\/\/fimif.edu.al\/","logo":{"@type":"ImageObject","inLanguage":"en-GB","@id":"https:\/\/fimif.edu.al\/#\/schema\/logo\/image\/","url":"https:\/\/fimif.edu.al\/wp-content\/uploads\/2024\/10\/Fimif-Logo.svg","contentUrl":"https:\/\/fimif.edu.al\/wp-content\/uploads\/2024\/10\/Fimif-Logo.svg","width":653,"height":219,"caption":"Fakulteti i Inxhinieris\u00eb Matematike dhe Inxhinieris\u00eb Fizike"},"image":{"@id":"https:\/\/fimif.edu.al\/#\/schema\/logo\/image\/"},"sameAs":["https:\/\/www.facebook.com\/p\/Departamenti-i-Inxhinierise-Matematike-FIMIF-UPT-100077435994252\/"]},{"@type":"Person","@id":"https:\/\/fimif.edu.al\/#\/schema\/person\/771075414e038199af3802af30f13da3","name":"Gerta Lame"}]}},"_links":{"self":[{"href":"https:\/\/fimif.edu.al\/en\/wp-json\/wp\/v2\/posts\/8506","targetHints":{"allow":["GET"]}}],"collection":[{"href":"https:\/\/fimif.edu.al\/en\/wp-json\/wp\/v2\/posts"}],"about":[{"href":"https:\/\/fimif.edu.al\/en\/wp-json\/wp\/v2\/types\/post"}],"author":[{"embeddable":true,"href":"https:\/\/fimif.edu.al\/en\/wp-json\/wp\/v2\/users\/4"}],"replies":[{"embeddable":true,"href":"https:\/\/fimif.edu.al\/en\/wp-json\/wp\/v2\/comments?post=8506"}],"version-history":[{"count":1,"href":"https:\/\/fimif.edu.al\/en\/wp-json\/wp\/v2\/posts\/8506\/revisions"}],"predecessor-version":[{"id":8510,"href":"https:\/\/fimif.edu.al\/en\/wp-json\/wp\/v2\/posts\/8506\/revisions\/8510"}],"wp:attachment":[{"href":"https:\/\/fimif.edu.al\/en\/wp-json\/wp\/v2\/media?parent=8506"}],"wp:term":[{"taxonomy":"category","embeddable":true,"href":"https:\/\/fimif.edu.al\/en\/wp-json\/wp\/v2\/categories?post=8506"},{"taxonomy":"post_tag","embeddable":true,"href":"https:\/\/fimif.edu.al\/en\/wp-json\/wp\/v2\/tags?post=8506"}],"curies":[{"name":"wp","href":"https:\/\/api.w.org\/{rel}","templated":true}]}}